{"id":2757,"date":"2026-07-01T08:26:58","date_gmt":"2026-07-01T12:26:58","guid":{"rendered":"https:\/\/observatoriodacidadania.ufms.br\/?p=2757"},"modified":"2026-08-09T18:26:01","modified_gmt":"2026-08-09T22:26:01","slug":"site-do-observatorio-da-cidadania-de-ms-passa-por-adequacoes-para-o-periodo-eleitoral","status":"publish","type":"post","link":"https:\/\/observatoriodacidadania.ufms.br\/en\/site-do-observatorio-da-cidadania-de-ms-passa-por-adequacoes-para-o-periodo-eleitoral\/","title":{"rendered":"(Portugu\u00eas do Brasil) Site do Observat\u00f3rio da Cidadania de MS passa por adequa\u00e7\u00f5es para o per\u00edodo eleitoral"},"content":{"rendered":"<p class=\"qtranxs-available-languages-message qtranxs-available-languages-message-en\">Sorry, this entry is only available in <a href=\"https:\/\/observatoriodacidadania.ufms.br\/pb\/wp-json\/wp\/v2\/posts\/2757\" class=\"qtranxs-available-language-link qtranxs-available-language-link-pb\" title=\"Portugu\u00eas do Brasil\">Portugu\u00eas do Brasil<\/a>.<\/p>","protected":false},"excerpt":{"rendered":"<p>Sorry, this entry is only available in Portugu\u00eas do Brasil.<\/p>\n","protected":false},"author":1087,"featured_media":2759,"comment_status":"closed","ping_status":"closed","sticky":false,"template":"","format":"standard","meta":{"footnotes":""},"categories":[3,2],"tags":[],"coauthors":[21],"class_list":["post-2757","post","type-post","status-publish","format-standard","has-post-thumbnail","hentry","category-destaques","category-noticias"],"yoast_head":"<!-- This site is optimized with the Yoast SEO plugin v26.2 - https:\/\/yoast.com\/wordpress\/plugins\/seo\/ -->\n<title><\/title>\n<meta name=\"robots\" content=\"index, follow, max-snippet:-1, max-image-preview:large, max-video-preview:-1\" \/>\n<link rel=\"canonical\" href=\"https:\/\/observatoriodacidadania.ufms.br\/site-do-observatorio-da-cidadania-de-ms-passa-por-adequacoes-para-o-periodo-eleitoral\/\" \/>\n<meta property=\"og:locale\" content=\"en_US\" \/>\n<meta property=\"og:type\" content=\"article\" \/>\n<meta property=\"og:title\" content=\"[:pb]Site do Observat\u00f3rio da Cidadania de MS passa por adequa\u00e7\u00f5es para o per\u00edodo eleitoral[:] - Observat\u00f3rio da Cidadania de Mato Grosso do Sul\" \/>\n<meta property=\"og:description\" content=\"Sorry, this entry is only available in Portugu\u00eas do Brasil.\" \/>\n<meta property=\"og:url\" content=\"https:\/\/observatoriodacidadania.ufms.br\/site-do-observatorio-da-cidadania-de-ms-passa-por-adequacoes-para-o-periodo-eleitoral\/\" \/>\n<meta property=\"og:site_name\" content=\"Observat\u00f3rio da Cidadania de Mato Grosso do Sul\" \/>\n<meta property=\"article:published_time\" content=\"2026-07-01T12:26:58+00:00\" \/>\n<meta property=\"article:modified_time\" content=\"2026-08-09T22:26:01+00:00\" \/>\n<meta property=\"og:image\" content=\"https:\/\/observatoriodacidadania.ufms.br\/files\/2026\/07\/comunicado-eleicoes-2026-1.png\" \/>\n\t<meta property=\"og:image:width\" content=\"1231\" \/>\n\t<meta property=\"og:image:height\" content=\"581\" \/>\n\t<meta property=\"og:image:type\" content=\"image\/png\" \/>\n<meta name=\"author\" content=\"UFMS\" \/>\n<meta name=\"twitter:card\" content=\"summary_large_image\" \/>\n<meta name=\"twitter:label1\" content=\"Written by\" \/>\n\t<meta name=\"twitter:data1\" content=\"UFMS\" \/>\n\t<meta name=\"twitter:label2\" content=\"Est. reading time\" \/>\n\t<meta name=\"twitter:data2\" content=\"1 minute\" \/>\n<script type=\"application\/ld+json\" class=\"yoast-schema-graph\">{\"@context\":\"https:\/\/schema.org\",\"@graph\":[{\"@type\":\"Article\",\"@id\":\"https:\/\/observatoriodacidadania.ufms.br\/site-do-observatorio-da-cidadania-de-ms-passa-por-adequacoes-para-o-periodo-eleitoral\/#article\",\"isPartOf\":{\"@id\":\"https:\/\/observatoriodacidadania.ufms.br\/site-do-observatorio-da-cidadania-de-ms-passa-por-adequacoes-para-o-periodo-eleitoral\/\"},\"author\":{\"name\":\"UFMS\",\"@id\":\"https:\/\/observatoriodacidadania.ufms.br\/#\/schema\/person\/a0bbe7160814658780f9bda68addb799\"},\"headline\":\"(Portugu\u00eas do Brasil) Site do Observat\u00f3rio da Cidadania de MS passa por adequa\u00e7\u00f5es para o per\u00edodo eleitoral\",\"datePublished\":\"2026-07-01T12:26:58+00:00\",\"dateModified\":\"2026-08-09T22:26:01+00:00\",\"mainEntityOfPage\":{\"@id\":\"https:\/\/observatoriodacidadania.ufms.br\/site-do-observatorio-da-cidadania-de-ms-passa-por-adequacoes-para-o-periodo-eleitoral\/\"},\"wordCount\":205,\"publisher\":{\"@id\":\"https:\/\/observatoriodacidadania.ufms.br\/#organization\"},\"image\":{\"@id\":\"https:\/\/observatoriodacidadania.ufms.br\/site-do-observatorio-da-cidadania-de-ms-passa-por-adequacoes-para-o-periodo-eleitoral\/#primaryimage\"},\"thumbnailUrl\":\"https:\/\/observatoriodacidadania.ufms.br\/files\/2026\/07\/comunicado-eleicoes-2026-1.png\",\"articleSection\":[\"Destaques\",\"Not\u00edcias\"],\"inLanguage\":\"en-US\"},{\"@type\":\"WebPage\",\"@id\":\"https:\/\/observatoriodacidadania.ufms.br\/site-do-observatorio-da-cidadania-de-ms-passa-por-adequacoes-para-o-periodo-eleitoral\/\",\"url\":\"https:\/\/observatoriodacidadania.ufms.br\/site-do-observatorio-da-cidadania-de-ms-passa-por-adequacoes-para-o-periodo-eleitoral\/\",\"name\":\"[:pb]Site do Observat\u00f3rio da Cidadania de MS passa por adequa\u00e7\u00f5es para o per\u00edodo eleitoral[:] - Observat\u00f3rio da Cidadania de Mato Grosso do Sul\",\"isPartOf\":{\"@id\":\"https:\/\/observatoriodacidadania.ufms.br\/#website\"},\"primaryImageOfPage\":{\"@id\":\"https:\/\/observatoriodacidadania.ufms.br\/site-do-observatorio-da-cidadania-de-ms-passa-por-adequacoes-para-o-periodo-eleitoral\/#primaryimage\"},\"image\":{\"@id\":\"https:\/\/observatoriodacidadania.ufms.br\/site-do-observatorio-da-cidadania-de-ms-passa-por-adequacoes-para-o-periodo-eleitoral\/#primaryimage\"},\"thumbnailUrl\":\"https:\/\/observatoriodacidadania.ufms.br\/files\/2026\/07\/comunicado-eleicoes-2026-1.png\",\"datePublished\":\"2026-07-01T12:26:58+00:00\",\"dateModified\":\"2026-08-09T22:26:01+00:00\",\"breadcrumb\":{\"@id\":\"https:\/\/observatoriodacidadania.ufms.br\/site-do-observatorio-da-cidadania-de-ms-passa-por-adequacoes-para-o-periodo-eleitoral\/#breadcrumb\"},\"inLanguage\":\"en-US\",\"potentialAction\":[{\"@type\":\"ReadAction\",\"target\":[\"https:\/\/observatoriodacidadania.ufms.br\/site-do-observatorio-da-cidadania-de-ms-passa-por-adequacoes-para-o-periodo-eleitoral\/\"]}]},{\"@type\":\"ImageObject\",\"inLanguage\":\"en-US\",\"@id\":\"https:\/\/observatoriodacidadania.ufms.br\/site-do-observatorio-da-cidadania-de-ms-passa-por-adequacoes-para-o-periodo-eleitoral\/#primaryimage\",\"url\":\"https:\/\/observatoriodacidadania.ufms.br\/files\/2026\/07\/comunicado-eleicoes-2026-1.png\",\"contentUrl\":\"https:\/\/observatoriodacidadania.ufms.br\/files\/2026\/07\/comunicado-eleicoes-2026-1.png\",\"width\":1231,\"height\":581},{\"@type\":\"BreadcrumbList\",\"@id\":\"https:\/\/observatoriodacidadania.ufms.br\/site-do-observatorio-da-cidadania-de-ms-passa-por-adequacoes-para-o-periodo-eleitoral\/#breadcrumb\",\"itemListElement\":[{\"@type\":\"ListItem\",\"position\":1,\"name\":\"In\u00edcio\",\"item\":\"https:\/\/observatoriodacidadania.ufms.br\/\"},{\"@type\":\"ListItem\",\"position\":2,\"name\":\"Site do Observat\u00f3rio da Cidadania de MS passa por adequa\u00e7\u00f5es para o per\u00edodo eleitoral\"}]},{\"@type\":\"WebSite\",\"@id\":\"https:\/\/observatoriodacidadania.ufms.br\/#website\",\"url\":\"https:\/\/observatoriodacidadania.ufms.br\/\",\"name\":\"Observat\u00f3rio da Cidadania de Mato Grosso do Sul\",\"description\":\"Ci\u00eancia a servi\u00e7o das pessoas\",\"publisher\":{\"@id\":\"https:\/\/observatoriodacidadania.ufms.br\/#organization\"},\"potentialAction\":[{\"@type\":\"SearchAction\",\"target\":{\"@type\":\"EntryPoint\",\"urlTemplate\":\"https:\/\/observatoriodacidadania.ufms.br\/?s={search_term_string}\"},\"query-input\":{\"@type\":\"PropertyValueSpecification\",\"valueRequired\":true,\"valueName\":\"search_term_string\"}}],\"inLanguage\":\"en-US\"},{\"@type\":\"Organization\",\"@id\":\"https:\/\/observatoriodacidadania.ufms.br\/#organization\",\"name\":\"Observat\u00f3rio da Cidadania de Mato Grosso do Sul\",\"url\":\"https:\/\/observatoriodacidadania.ufms.br\/\",\"logo\":{\"@type\":\"ImageObject\",\"inLanguage\":\"en-US\",\"@id\":\"https:\/\/observatoriodacidadania.ufms.br\/#\/schema\/logo\/image\/\",\"url\":\"https:\/\/observatoriodacidadania.ufms.br\/files\/2025\/11\/observatorio-da-cidadania-ocms.png\",\"contentUrl\":\"https:\/\/observatoriodacidadania.ufms.br\/files\/2025\/11\/observatorio-da-cidadania-ocms.png\",\"width\":885,\"height\":280,\"caption\":\"Observat\u00f3rio da Cidadania de Mato Grosso do Sul\"},\"image\":{\"@id\":\"https:\/\/observatoriodacidadania.ufms.br\/#\/schema\/logo\/image\/\"},\"sameAs\":[\"https:\/\/www.instagram.com\/observacidadaniams\/\"]},{\"@type\":\"Person\",\"@id\":\"https:\/\/observatoriodacidadania.ufms.br\/#\/schema\/person\/a0bbe7160814658780f9bda68addb799\",\"name\":\"UFMS\",\"url\":\"https:\/\/observatoriodacidadania.ufms.br\/en\/author\/marcel-lopes\/\"}]}<\/script>\n<!-- \/ Yoast SEO plugin. -->","yoast_head_json":{"title":"[:pb]Site do Observat\u00f3rio da Cidadania de MS passa por adequa\u00e7\u00f5es para o per\u00edodo eleitoral[:] - Observat\u00f3rio da Cidadania de Mato Grosso do Sul","robots":{"index":"index","follow":"follow","max-snippet":"max-snippet:-1","max-image-preview":"max-image-preview:large","max-video-preview":"max-video-preview:-1"},"canonical":"https:\/\/observatoriodacidadania.ufms.br\/site-do-observatorio-da-cidadania-de-ms-passa-por-adequacoes-para-o-periodo-eleitoral\/","og_locale":"en_US","og_type":"article","og_title":"[:pb]Site do Observat\u00f3rio da Cidadania de MS passa por adequa\u00e7\u00f5es para o per\u00edodo eleitoral[:] - Observat\u00f3rio da Cidadania de Mato Grosso do Sul","og_description":"Sorry, this entry is only available in Portugu\u00eas do Brasil.","og_url":"https:\/\/observatoriodacidadania.ufms.br\/site-do-observatorio-da-cidadania-de-ms-passa-por-adequacoes-para-o-periodo-eleitoral\/","og_site_name":"Observat\u00f3rio da Cidadania de Mato Grosso do Sul","article_published_time":"2026-07-01T12:26:58+00:00","article_modified_time":"2026-08-09T22:26:01+00:00","og_image":[{"width":1231,"height":581,"url":"https:\/\/observatoriodacidadania.ufms.br\/files\/2026\/07\/comunicado-eleicoes-2026-1.png","type":"image\/png"}],"author":"UFMS","twitter_card":"summary_large_image","twitter_misc":{"Written by":"UFMS","Est. reading time":"1 minute"},"schema":{"@context":"https:\/\/schema.org","@graph":[{"@type":"Article","@id":"https:\/\/observatoriodacidadania.ufms.br\/site-do-observatorio-da-cidadania-de-ms-passa-por-adequacoes-para-o-periodo-eleitoral\/#article","isPartOf":{"@id":"https:\/\/observatoriodacidadania.ufms.br\/site-do-observatorio-da-cidadania-de-ms-passa-por-adequacoes-para-o-periodo-eleitoral\/"},"author":{"name":"UFMS","@id":"https:\/\/observatoriodacidadania.ufms.br\/#\/schema\/person\/a0bbe7160814658780f9bda68addb799"},"headline":"(Portugu\u00eas do Brasil) Site do Observat\u00f3rio da Cidadania de MS passa por adequa\u00e7\u00f5es para o per\u00edodo eleitoral","datePublished":"2026-07-01T12:26:58+00:00","dateModified":"2026-08-09T22:26:01+00:00","mainEntityOfPage":{"@id":"https:\/\/observatoriodacidadania.ufms.br\/site-do-observatorio-da-cidadania-de-ms-passa-por-adequacoes-para-o-periodo-eleitoral\/"},"wordCount":205,"publisher":{"@id":"https:\/\/observatoriodacidadania.ufms.br\/#organization"},"image":{"@id":"https:\/\/observatoriodacidadania.ufms.br\/site-do-observatorio-da-cidadania-de-ms-passa-por-adequacoes-para-o-periodo-eleitoral\/#primaryimage"},"thumbnailUrl":"https:\/\/observatoriodacidadania.ufms.br\/files\/2026\/07\/comunicado-eleicoes-2026-1.png","articleSection":["Destaques","Not\u00edcias"],"inLanguage":"en-US"},{"@type":"WebPage","@id":"https:\/\/observatoriodacidadania.ufms.br\/site-do-observatorio-da-cidadania-de-ms-passa-por-adequacoes-para-o-periodo-eleitoral\/","url":"https:\/\/observatoriodacidadania.ufms.br\/site-do-observatorio-da-cidadania-de-ms-passa-por-adequacoes-para-o-periodo-eleitoral\/","name":"[:pb]Site do Observat\u00f3rio da Cidadania de MS passa por adequa\u00e7\u00f5es para o per\u00edodo eleitoral[:] - Observat\u00f3rio da Cidadania de Mato Grosso do Sul","isPartOf":{"@id":"https:\/\/observatoriodacidadania.ufms.br\/#website"},"primaryImageOfPage":{"@id":"https:\/\/observatoriodacidadania.ufms.br\/site-do-observatorio-da-cidadania-de-ms-passa-por-adequacoes-para-o-periodo-eleitoral\/#primaryimage"},"image":{"@id":"https:\/\/observatoriodacidadania.ufms.br\/site-do-observatorio-da-cidadania-de-ms-passa-por-adequacoes-para-o-periodo-eleitoral\/#primaryimage"},"thumbnailUrl":"https:\/\/observatoriodacidadania.ufms.br\/files\/2026\/07\/comunicado-eleicoes-2026-1.png","datePublished":"2026-07-01T12:26:58+00:00","dateModified":"2026-08-09T22:26:01+00:00","breadcrumb":{"@id":"https:\/\/observatoriodacidadania.ufms.br\/site-do-observatorio-da-cidadania-de-ms-passa-por-adequacoes-para-o-periodo-eleitoral\/#breadcrumb"},"inLanguage":"en-US","potentialAction":[{"@type":"ReadAction","target":["https:\/\/observatoriodacidadania.ufms.br\/site-do-observatorio-da-cidadania-de-ms-passa-por-adequacoes-para-o-periodo-eleitoral\/"]}]},{"@type":"ImageObject","inLanguage":"en-US","@id":"https:\/\/observatoriodacidadania.ufms.br\/site-do-observatorio-da-cidadania-de-ms-passa-por-adequacoes-para-o-periodo-eleitoral\/#primaryimage","url":"https:\/\/observatoriodacidadania.ufms.br\/files\/2026\/07\/comunicado-eleicoes-2026-1.png","contentUrl":"https:\/\/observatoriodacidadania.ufms.br\/files\/2026\/07\/comunicado-eleicoes-2026-1.png","width":1231,"height":581},{"@type":"BreadcrumbList","@id":"https:\/\/observatoriodacidadania.ufms.br\/site-do-observatorio-da-cidadania-de-ms-passa-por-adequacoes-para-o-periodo-eleitoral\/#breadcrumb","itemListElement":[{"@type":"ListItem","position":1,"name":"In\u00edcio","item":"https:\/\/observatoriodacidadania.ufms.br\/"},{"@type":"ListItem","position":2,"name":"Site do Observat\u00f3rio da Cidadania de MS passa por adequa\u00e7\u00f5es para o per\u00edodo eleitoral"}]},{"@type":"WebSite","@id":"https:\/\/observatoriodacidadania.ufms.br\/#website","url":"https:\/\/observatoriodacidadania.ufms.br\/","name":"Observat\u00f3rio da Cidadania de Mato Grosso do Sul","description":"Ci\u00eancia a servi\u00e7o das pessoas","publisher":{"@id":"https:\/\/observatoriodacidadania.ufms.br\/#organization"},"potentialAction":[{"@type":"SearchAction","target":{"@type":"EntryPoint","urlTemplate":"https:\/\/observatoriodacidadania.ufms.br\/?s={search_term_string}"},"query-input":{"@type":"PropertyValueSpecification","valueRequired":true,"valueName":"search_term_string"}}],"inLanguage":"en-US"},{"@type":"Organization","@id":"https:\/\/observatoriodacidadania.ufms.br\/#organization","name":"Observat\u00f3rio da Cidadania de Mato Grosso do Sul","url":"https:\/\/observatoriodacidadania.ufms.br\/","logo":{"@type":"ImageObject","inLanguage":"en-US","@id":"https:\/\/observatoriodacidadania.ufms.br\/#\/schema\/logo\/image\/","url":"https:\/\/observatoriodacidadania.ufms.br\/files\/2025\/11\/observatorio-da-cidadania-ocms.png","contentUrl":"https:\/\/observatoriodacidadania.ufms.br\/files\/2025\/11\/observatorio-da-cidadania-ocms.png","width":885,"height":280,"caption":"Observat\u00f3rio da Cidadania de Mato Grosso do Sul"},"image":{"@id":"https:\/\/observatoriodacidadania.ufms.br\/#\/schema\/logo\/image\/"},"sameAs":["https:\/\/www.instagram.com\/observacidadaniams\/"]},{"@type":"Person","@id":"https:\/\/observatoriodacidadania.ufms.br\/#\/schema\/person\/a0bbe7160814658780f9bda68addb799","name":"UFMS","url":"https:\/\/observatoriodacidadania.ufms.br\/en\/author\/marcel-lopes\/"}]}},"_links":{"self":[{"href":"https:\/\/observatoriodacidadania.ufms.br\/en\/wp-json\/wp\/v2\/posts\/2757","targetHints":{"allow":["GET"]}}],"collection":[{"href":"https:\/\/observatoriodacidadania.ufms.br\/en\/wp-json\/wp\/v2\/posts"}],"about":[{"href":"https:\/\/observatoriodacidadania.ufms.br\/en\/wp-json\/wp\/v2\/types\/post"}],"author":[{"embeddable":true,"href":"https:\/\/observatoriodacidadania.ufms.br\/en\/wp-json\/wp\/v2\/users\/1087"}],"replies":[{"embeddable":true,"href":"https:\/\/observatoriodacidadania.ufms.br\/en\/wp-json\/wp\/v2\/comments?post=2757"}],"version-history":[{"count":3,"href":"https:\/\/observatoriodacidadania.ufms.br\/en\/wp-json\/wp\/v2\/posts\/2757\/revisions"}],"predecessor-version":[{"id":2852,"href":"https:\/\/observatoriodacidadania.ufms.br\/en\/wp-json\/wp\/v2\/posts\/2757\/revisions\/2852"}],"wp:featuredmedia":[{"embeddable":true,"href":"https:\/\/observatoriodacidadania.ufms.br\/en\/wp-json\/wp\/v2\/media\/2759"}],"wp:attachment":[{"href":"https:\/\/observatoriodacidadania.ufms.br\/en\/wp-json\/wp\/v2\/media?parent=2757"}],"wp:term":[{"taxonomy":"category","embeddable":true,"href":"https:\/\/observatoriodacidadania.ufms.br\/en\/wp-json\/wp\/v2\/categories?post=2757"},{"taxonomy":"post_tag","embeddable":true,"href":"https:\/\/observatoriodacidadania.ufms.br\/en\/wp-json\/wp\/v2\/tags?post=2757"},{"taxonomy":"author","embeddable":true,"href":"https:\/\/observatoriodacidadania.ufms.br\/en\/wp-json\/wp\/v2\/coauthors?post=2757"}],"curies":[{"name":"wp","href":"https:\/\/api.w.org\/{rel}","templated":true}]}}