{"id":2454,"date":"2026-04-15T09:52:53","date_gmt":"2026-04-15T13:52:53","guid":{"rendered":"https:\/\/observatoriodacidadania.ufms.br\/?p=2454"},"modified":"2026-04-15T09:53:36","modified_gmt":"2026-04-15T13:53:36","slug":"observatorio-da-cidadania-lanca-painel-sobre-os-povos-originarios-em-mato-grosso-do-sul","status":"publish","type":"post","link":"https:\/\/observatoriodacidadania.ufms.br\/en\/observatorio-da-cidadania-lanca-painel-sobre-os-povos-originarios-em-mato-grosso-do-sul\/","title":{"rendered":"(Portugu\u00eas do Brasil) Observat\u00f3rio da Cidadania lan\u00e7a painel sobre os Povos Origin\u00e1rios em  Mato Grosso do Sul"},"content":{"rendered":"<p class=\"qtranxs-available-languages-message qtranxs-available-languages-message-en\">Sorry, this entry is only available in <a href=\"https:\/\/observatoriodacidadania.ufms.br\/pb\/wp-json\/wp\/v2\/posts\/2454\" class=\"qtranxs-available-language-link qtranxs-available-language-link-pb\" title=\"Portugu\u00eas do Brasil\">Portugu\u00eas do Brasil<\/a>.<\/p>","protected":false},"excerpt":{"rendered":"<p>Sorry, this entry is only available in Portugu\u00eas do Brasil.<\/p>\n","protected":false},"author":16740,"featured_media":2462,"comment_status":"closed","ping_status":"open","sticky":false,"template":"","format":"standard","meta":{"footnotes":""},"categories":[3,9,23,2],"tags":[],"coauthors":[19],"class_list":["post-2454","post","type-post","status-publish","format-standard","has-post-thumbnail","hentry","category-destaques","category-materias","category-notas","category-noticias"],"_links":{"self":[{"href":"https:\/\/observatoriodacidadania.ufms.br\/en\/wp-json\/wp\/v2\/posts\/2454","targetHints":{"allow":["GET"]}}],"collection":[{"href":"https:\/\/observatoriodacidadania.ufms.br\/en\/wp-json\/wp\/v2\/posts"}],"about":[{"href":"https:\/\/observatoriodacidadania.ufms.br\/en\/wp-json\/wp\/v2\/types\/post"}],"author":[{"embeddable":true,"href":"https:\/\/observatoriodacidadania.ufms.br\/en\/wp-json\/wp\/v2\/users\/16740"}],"replies":[{"embeddable":true,"href":"https:\/\/observatoriodacidadania.ufms.br\/en\/wp-json\/wp\/v2\/comments?post=2454"}],"version-history":[{"count":2,"href":"https:\/\/observatoriodacidadania.ufms.br\/en\/wp-json\/wp\/v2\/posts\/2454\/revisions"}],"predecessor-version":[{"id":2464,"href":"https:\/\/observatoriodacidadania.ufms.br\/en\/wp-json\/wp\/v2\/posts\/2454\/revisions\/2464"}],"wp:featuredmedia":[{"embeddable":true,"href":"https:\/\/observatoriodacidadania.ufms.br\/en\/wp-json\/wp\/v2\/media\/2462"}],"wp:attachment":[{"href":"https:\/\/observatoriodacidadania.ufms.br\/en\/wp-json\/wp\/v2\/media?parent=2454"}],"wp:term":[{"taxonomy":"category","embeddable":true,"href":"https:\/\/observatoriodacidadania.ufms.br\/en\/wp-json\/wp\/v2\/categories?post=2454"},{"taxonomy":"post_tag","embeddable":true,"href":"https:\/\/observatoriodacidadania.ufms.br\/en\/wp-json\/wp\/v2\/tags?post=2454"},{"taxonomy":"author","embeddable":true,"href":"https:\/\/observatoriodacidadania.ufms.br\/en\/wp-json\/wp\/v2\/coauthors?post=2454"}],"curies":[{"name":"wp","href":"https:\/\/api.w.org\/{rel}","templated":true}]}}