{"id":2443,"date":"2026-04-09T08:09:10","date_gmt":"2026-04-09T12:09:10","guid":{"rendered":"https:\/\/observatoriodacidadania.ufms.br\/?p=2443"},"modified":"2026-04-09T13:00:46","modified_gmt":"2026-04-09T17:00:46","slug":"desigualdade-na-politica-mulheres-sao-menos-de-22-nos-cargos-eletivos-no-brasil-e-em-ms","status":"publish","type":"post","link":"https:\/\/observatoriodacidadania.ufms.br\/en\/desigualdade-na-politica-mulheres-sao-menos-de-22-nos-cargos-eletivos-no-brasil-e-em-ms\/","title":{"rendered":"(Portugu\u00eas do Brasil) Desigualdade na pol\u00edtica: mulheres s\u00e3o menos de 22% nos cargos eletivos no Brasil e em MS"},"content":{"rendered":"<p class=\"qtranxs-available-languages-message qtranxs-available-languages-message-en\">Sorry, this entry is only available in <a href=\"https:\/\/observatoriodacidadania.ufms.br\/pb\/wp-json\/wp\/v2\/posts\/2443\" class=\"qtranxs-available-language-link qtranxs-available-language-link-pb\" title=\"Portugu\u00eas do Brasil\">Portugu\u00eas do Brasil<\/a>.<\/p>","protected":false},"excerpt":{"rendered":"<p>Sorry, this entry is only available in Portugu\u00eas do Brasil.<\/p>\n","protected":false},"author":25169,"featured_media":2448,"comment_status":"closed","ping_status":"open","sticky":false,"template":"","format":"standard","meta":{"footnotes":""},"categories":[3,9,2],"tags":[],"coauthors":[26],"class_list":["post-2443","post","type-post","status-publish","format-standard","has-post-thumbnail","hentry","category-destaques","category-materias","category-noticias"],"_links":{"self":[{"href":"https:\/\/observatoriodacidadania.ufms.br\/en\/wp-json\/wp\/v2\/posts\/2443","targetHints":{"allow":["GET"]}}],"collection":[{"href":"https:\/\/observatoriodacidadania.ufms.br\/en\/wp-json\/wp\/v2\/posts"}],"about":[{"href":"https:\/\/observatoriodacidadania.ufms.br\/en\/wp-json\/wp\/v2\/types\/post"}],"author":[{"embeddable":true,"href":"https:\/\/observatoriodacidadania.ufms.br\/en\/wp-json\/wp\/v2\/users\/25169"}],"replies":[{"embeddable":true,"href":"https:\/\/observatoriodacidadania.ufms.br\/en\/wp-json\/wp\/v2\/comments?post=2443"}],"version-history":[{"count":2,"href":"https:\/\/observatoriodacidadania.ufms.br\/en\/wp-json\/wp\/v2\/posts\/2443\/revisions"}],"predecessor-version":[{"id":2451,"href":"https:\/\/observatoriodacidadania.ufms.br\/en\/wp-json\/wp\/v2\/posts\/2443\/revisions\/2451"}],"wp:featuredmedia":[{"embeddable":true,"href":"https:\/\/observatoriodacidadania.ufms.br\/en\/wp-json\/wp\/v2\/media\/2448"}],"wp:attachment":[{"href":"https:\/\/observatoriodacidadania.ufms.br\/en\/wp-json\/wp\/v2\/media?parent=2443"}],"wp:term":[{"taxonomy":"category","embeddable":true,"href":"https:\/\/observatoriodacidadania.ufms.br\/en\/wp-json\/wp\/v2\/categories?post=2443"},{"taxonomy":"post_tag","embeddable":true,"href":"https:\/\/observatoriodacidadania.ufms.br\/en\/wp-json\/wp\/v2\/tags?post=2443"},{"taxonomy":"author","embeddable":true,"href":"https:\/\/observatoriodacidadania.ufms.br\/en\/wp-json\/wp\/v2\/coauthors?post=2443"}],"curies":[{"name":"wp","href":"https:\/\/api.w.org\/{rel}","templated":true}]}}